{"id":112,"date":"2007-12-06T10:10:09","date_gmt":"2007-12-06T10:10:09","guid":{"rendered":"http:\/\/www.sebgab.com\/?p=112"},"modified":"2013-05-07T11:24:59","modified_gmt":"2013-05-07T11:24:59","slug":"fin-dannee-et-la-spirale","status":"publish","type":"post","link":"http:\/\/www.sebgab.com\/?p=112","title":{"rendered":"Fin d&rsquo;ann\u00e9e et La Spirale"},"content":{"rendered":"<p><a href=\"http:\/\/www.sebgab.com\/wp-content\/uploads\/2007\/12\/2007-12-14_troiscommune.jpg\"><img loading=\"lazy\" class=\"alignleft size-medium wp-image-161\" alt=\"2007-12-14_troiscommune\" src=\"http:\/\/www.sebgab.com\/wp-content\/uploads\/2007\/12\/2007-12-14_troiscommune-212x300.jpg\" width=\"212\" height=\"300\" srcset=\"http:\/\/www.sebgab.com\/wp-content\/uploads\/2007\/12\/2007-12-14_troiscommune-212x300.jpg 212w, http:\/\/www.sebgab.com\/wp-content\/uploads\/2007\/12\/2007-12-14_troiscommune-332x469.jpg 332w, http:\/\/www.sebgab.com\/wp-content\/uploads\/2007\/12\/2007-12-14_troiscommune.jpg 450w\" sizes=\"(max-width: 212px) 100vw, 212px\" \/><\/a>Bient\u00f4t la fin de l\u2019ann\u00e9e et plus qu\u2019un concert en vue. C\u2019est le 14 d\u00e9cembre, \u00e0 Th\u00f4nex. Il y a aussi une soir\u00e9e priv\u00e9e, mais voil\u00e0&#8230; c\u2019est priv\u00e9!<\/p>\n<p><a href=\"http:\/\/www.sebgab.com\/wp-content\/uploads\/2007\/04\/2007-12-01_spirale.jpg\"><img loading=\"lazy\" class=\"size-medium wp-image-156 alignright\" alt=\"2007-12-01_spirale\" src=\"http:\/\/www.sebgab.com\/wp-content\/uploads\/2007\/04\/2007-12-01_spirale-212x300.jpg\" width=\"212\" height=\"300\" srcset=\"http:\/\/www.sebgab.com\/wp-content\/uploads\/2007\/04\/2007-12-01_spirale-212x300.jpg 212w, http:\/\/www.sebgab.com\/wp-content\/uploads\/2007\/04\/2007-12-01_spirale-332x469.jpg 332w, http:\/\/www.sebgab.com\/wp-content\/uploads\/2007\/04\/2007-12-01_spirale.jpg 450w\" sizes=\"(max-width: 212px) 100vw, 212px\" \/><\/a>Le concert de samedi dernier \u00e0 <strong>La Spirale<\/strong> \u00e9tait chouette. Il y avait <strong>Micha\u00ebl Perruchoud<\/strong> et <strong>Zedrus<\/strong> avec moi. Je portais trois casquettes ce soir-l\u00e0 : organisateur, auteur (B\u00e9bert au bistrot) et chanteur, mais tout s\u2019est bien d\u00e9roul\u00e9 sans que je devienne trop schizo. Et comme on n\u2019a pratiquement rien bu et qu\u2019on ne s\u2019est couch\u00e9 qu\u2019\u00e0 six heures du matin, cette soir\u00e9e ne m\u2019a laiss\u00e9 aucune s\u00e9quelle, vous vous en doutez bien!<\/p>\n","protected":false},"excerpt":{"rendered":"<p>Bient\u00f4t la fin de l\u2019ann\u00e9e et plus qu\u2019un concert en vue. C\u2019est le 14 d\u00e9cembre, \u00e0 Th\u00f4nex. Il y a aussi une soir\u00e9e priv\u00e9e, mais voil\u00e0&#8230; c\u2019est priv\u00e9! Le concert de samedi dernier \u00e0 La Spirale \u00e9tait chouette. Il y avait Micha\u00ebl Perruchoud et Zedrus avec moi. Je portais trois &#8230;<\/p>\n","protected":false},"author":1,"featured_media":156,"comment_status":"open","ping_status":"open","sticky":false,"template":"","format":"standard","meta":[],"categories":[3],"tags":[],"_links":{"self":[{"href":"http:\/\/www.sebgab.com\/index.php?rest_route=\/wp\/v2\/posts\/112"}],"collection":[{"href":"http:\/\/www.sebgab.com\/index.php?rest_route=\/wp\/v2\/posts"}],"about":[{"href":"http:\/\/www.sebgab.com\/index.php?rest_route=\/wp\/v2\/types\/post"}],"author":[{"embeddable":true,"href":"http:\/\/www.sebgab.com\/index.php?rest_route=\/wp\/v2\/users\/1"}],"replies":[{"embeddable":true,"href":"http:\/\/www.sebgab.com\/index.php?rest_route=%2Fwp%2Fv2%2Fcomments&post=112"}],"version-history":[{"count":8,"href":"http:\/\/www.sebgab.com\/index.php?rest_route=\/wp\/v2\/posts\/112\/revisions"}],"predecessor-version":[{"id":349,"href":"http:\/\/www.sebgab.com\/index.php?rest_route=\/wp\/v2\/posts\/112\/revisions\/349"}],"wp:featuredmedia":[{"embeddable":true,"href":"http:\/\/www.sebgab.com\/index.php?rest_route=\/wp\/v2\/media\/156"}],"wp:attachment":[{"href":"http:\/\/www.sebgab.com\/index.php?rest_route=%2Fwp%2Fv2%2Fmedia&parent=112"}],"wp:term":[{"taxonomy":"category","embeddable":true,"href":"http:\/\/www.sebgab.com\/index.php?rest_route=%2Fwp%2Fv2%2Fcategories&post=112"},{"taxonomy":"post_tag","embeddable":true,"href":"http:\/\/www.sebgab.com\/index.php?rest_route=%2Fwp%2Fv2%2Ftags&post=112"}],"curies":[{"name":"wp","href":"https:\/\/api.w.org\/{rel}","templated":true}]}}