{"id":383,"date":"2013-05-15T14:36:10","date_gmt":"2013-05-15T14:36:10","guid":{"rendered":"http:\/\/www.sebgab.com\/?p=383"},"modified":"2013-05-15T14:36:10","modified_gmt":"2013-05-15T14:36:10","slug":"concert-du-duo-dextremes-suisses-lundi-20-mai-2013","status":"publish","type":"post","link":"http:\/\/www.sebgab.com\/?p=383","title":{"rendered":"Concert du Duo d&rsquo;eXtr\u00eames Suisses &#8211; Lundi 20 mai 2013"},"content":{"rendered":"<p><a href=\"http:\/\/www.sebgab.com\/wp-content\/uploads\/2013\/04\/2013-05-20_prenez_quartiers.jpg\"><img loading=\"lazy\" class=\"alignleft size-medium wp-image-375\" alt=\"2013-05-20_prenez_quartiers\" src=\"http:\/\/www.sebgab.com\/wp-content\/uploads\/2013\/04\/2013-05-20_prenez_quartiers-298x300.jpg\" width=\"298\" height=\"300\" srcset=\"http:\/\/www.sebgab.com\/wp-content\/uploads\/2013\/04\/2013-05-20_prenez_quartiers-298x300.jpg 298w, http:\/\/www.sebgab.com\/wp-content\/uploads\/2013\/04\/2013-05-20_prenez_quartiers-150x150.jpg 150w, http:\/\/www.sebgab.com\/wp-content\/uploads\/2013\/04\/2013-05-20_prenez_quartiers-332x334.jpg 332w, http:\/\/www.sebgab.com\/wp-content\/uploads\/2013\/04\/2013-05-20_prenez_quartiers.jpg 599w\" sizes=\"(max-width: 298px) 100vw, 298px\" \/><\/a>J&rsquo;endosserai le costard de Marcel K\u00fchl pour un concert dans le cadre de la f\u00eate Prenez vos quartiers sur la grande sc\u00e8ne de Saint-Gervais le lundi 20 mai \u00e0 16 heures. Venez nombreux.<\/p>\n<p><a href=\"http:\/\/www.cousumouche.com\/dxs\/?p=1153\" target=\"_blank\">http:\/\/www.cousumouche.com\/dxs\/?p=1153<\/a><\/p>\n","protected":false},"excerpt":{"rendered":"<p>J&rsquo;endosserai le costard de Marcel K\u00fchl pour un concert dans le cadre de la f\u00eate Prenez vos quartiers sur la grande sc\u00e8ne de Saint-Gervais le lundi 20 mai \u00e0 16 heures. Venez nombreux. http:\/\/www.cousumouche.com\/dxs\/?p=1153<\/p>\n","protected":false},"author":1,"featured_media":375,"comment_status":"open","ping_status":"open","sticky":false,"template":"","format":"standard","meta":[],"categories":[2],"tags":[],"_links":{"self":[{"href":"http:\/\/www.sebgab.com\/index.php?rest_route=\/wp\/v2\/posts\/383"}],"collection":[{"href":"http:\/\/www.sebgab.com\/index.php?rest_route=\/wp\/v2\/posts"}],"about":[{"href":"http:\/\/www.sebgab.com\/index.php?rest_route=\/wp\/v2\/types\/post"}],"author":[{"embeddable":true,"href":"http:\/\/www.sebgab.com\/index.php?rest_route=\/wp\/v2\/users\/1"}],"replies":[{"embeddable":true,"href":"http:\/\/www.sebgab.com\/index.php?rest_route=%2Fwp%2Fv2%2Fcomments&post=383"}],"version-history":[{"count":1,"href":"http:\/\/www.sebgab.com\/index.php?rest_route=\/wp\/v2\/posts\/383\/revisions"}],"predecessor-version":[{"id":384,"href":"http:\/\/www.sebgab.com\/index.php?rest_route=\/wp\/v2\/posts\/383\/revisions\/384"}],"wp:featuredmedia":[{"embeddable":true,"href":"http:\/\/www.sebgab.com\/index.php?rest_route=\/wp\/v2\/media\/375"}],"wp:attachment":[{"href":"http:\/\/www.sebgab.com\/index.php?rest_route=%2Fwp%2Fv2%2Fmedia&parent=383"}],"wp:term":[{"taxonomy":"category","embeddable":true,"href":"http:\/\/www.sebgab.com\/index.php?rest_route=%2Fwp%2Fv2%2Fcategories&post=383"},{"taxonomy":"post_tag","embeddable":true,"href":"http:\/\/www.sebgab.com\/index.php?rest_route=%2Fwp%2Fv2%2Ftags&post=383"}],"curies":[{"name":"wp","href":"https:\/\/api.w.org\/{rel}","templated":true}]}}