{"id":216,"date":"2004-02-07T13:01:24","date_gmt":"2004-02-07T13:01:24","guid":{"rendered":"http:\/\/www.sebgab.com\/?p=216"},"modified":"2013-04-30T13:56:49","modified_gmt":"2013-04-30T13:56:49","slug":"la-salle-centrale-geneve-7-fevrier-2004","status":"publish","type":"post","link":"https:\/\/www.sebgab.com\/?p=216","title":{"rendered":"La Salle Centrale &#8211; Gen\u00e8ve 7 f\u00e9vrier 2004"},"content":{"rendered":"<p>Une photo prise lors du concert organis\u00e9 pour le lancement de <strong><em>Rue du Diorama<\/em><\/strong> \u00e0 la Salle centrale, le 7\u00a0f\u00e9vrier\u00a02004, \u00e0 Gen\u00e8ve. J\u2019\u00e9tais accompagn\u00e9 de <strong>Christine Regard<\/strong> (violon), <strong>Ahmed Hamdy<\/strong> (piano) et <strong>Michel Bard<\/strong> (clarinette).<\/p>\n<p>C&rsquo;est Ben Weeks qui a pris la photo (et film\u00e9 tout le concert).<\/p>\n<div id='gallery-1' class='gallery galleryid-216 gallery-columns-3 gallery-size-thumbnail'><figure class='gallery-item'>\n\t\t\t<div class='gallery-icon landscape'>\n\t\t\t\t<a rel='attachment' href='https:\/\/www.sebgab.com\/wp-content\/uploads\/2013\/04\/04-02-07_sallecentrale_01.jpg'><img width=\"150\" height=\"150\" src=\"https:\/\/www.sebgab.com\/wp-content\/uploads\/2013\/04\/04-02-07_sallecentrale_01-150x150.jpg\" class=\"attachment-thumbnail size-thumbnail\" alt=\"\" loading=\"lazy\" srcset=\"https:\/\/www.sebgab.com\/wp-content\/uploads\/2013\/04\/04-02-07_sallecentrale_01-150x150.jpg 150w, https:\/\/www.sebgab.com\/wp-content\/uploads\/2013\/04\/04-02-07_sallecentrale_01-432x432.jpg 432w, https:\/\/www.sebgab.com\/wp-content\/uploads\/2013\/04\/04-02-07_sallecentrale_01-268x268.jpg 268w\" sizes=\"(max-width: 150px) 100vw, 150px\" \/><\/a>\n\t\t\t<\/div><\/figure>\n\t\t<\/div>\n\n","protected":false},"excerpt":{"rendered":"<p>Une photo prise lors du concert organis\u00e9 pour le lancement de Rue du Diorama \u00e0 la Salle centrale, le 7\u00a0f\u00e9vrier\u00a02004, \u00e0 Gen\u00e8ve. J\u2019\u00e9tais accompagn\u00e9 de Christine Regard (violon), Ahmed Hamdy (piano) et Michel Bard (clarinette). C&rsquo;est Ben Weeks qui a pris la photo (et film\u00e9 tout le concert).<\/p>\n","protected":false},"author":1,"featured_media":0,"comment_status":"open","ping_status":"open","sticky":false,"template":"","format":"gallery","meta":[],"categories":[11],"tags":[],"_links":{"self":[{"href":"https:\/\/www.sebgab.com\/index.php?rest_route=\/wp\/v2\/posts\/216"}],"collection":[{"href":"https:\/\/www.sebgab.com\/index.php?rest_route=\/wp\/v2\/posts"}],"about":[{"href":"https:\/\/www.sebgab.com\/index.php?rest_route=\/wp\/v2\/types\/post"}],"author":[{"embeddable":true,"href":"https:\/\/www.sebgab.com\/index.php?rest_route=\/wp\/v2\/users\/1"}],"replies":[{"embeddable":true,"href":"https:\/\/www.sebgab.com\/index.php?rest_route=%2Fwp%2Fv2%2Fcomments&post=216"}],"version-history":[{"count":5,"href":"https:\/\/www.sebgab.com\/index.php?rest_route=\/wp\/v2\/posts\/216\/revisions"}],"predecessor-version":[{"id":288,"href":"https:\/\/www.sebgab.com\/index.php?rest_route=\/wp\/v2\/posts\/216\/revisions\/288"}],"wp:attachment":[{"href":"https:\/\/www.sebgab.com\/index.php?rest_route=%2Fwp%2Fv2%2Fmedia&parent=216"}],"wp:term":[{"taxonomy":"category","embeddable":true,"href":"https:\/\/www.sebgab.com\/index.php?rest_route=%2Fwp%2Fv2%2Fcategories&post=216"},{"taxonomy":"post_tag","embeddable":true,"href":"https:\/\/www.sebgab.com\/index.php?rest_route=%2Fwp%2Fv2%2Ftags&post=216"}],"curies":[{"name":"wp","href":"https:\/\/api.w.org\/{rel}","templated":true}]}}