{"id":514,"date":"1993-09-30T11:07:28","date_gmt":"1993-09-30T11:07:28","guid":{"rendered":"http:\/\/www.sebgab.com\/?p=514"},"modified":"2013-07-05T11:08:21","modified_gmt":"2013-07-05T11:08:21","slug":"vivre-avec","status":"publish","type":"post","link":"https:\/\/www.sebgab.com\/?p=514","title":{"rendered":"Vivre avec"},"content":{"rendered":"<h5>(paroles et musique : S\u00e9bastien G. Couture)<br \/>\n\u00a9 S\u00e9bastien G. Couture, 1993 (SOCAN)<\/h5>\n<p>Il y a longtemps que j\u2019avais fait<br \/>\nUne p\u2019tite chanson \u00e0 quatre accords,<br \/>\nAlors voici deux, trois couplets<br \/>\nPour vous parler d\u2019mon corps.<br \/>\nC\u2019est le meilleur ami que j\u2019aie,<br \/>\nEt ce depuis vingt-trois ann\u00e9es.<br \/>\nIl m\u00e9rite bien ce p\u2019tit refrain<br \/>\nQue je vous chante, tenez-vous bien:<\/p>\n<p>Je n\u2019suis pas beau comme dans les films<br \/>\nMais j\u2019envie rien \u00e0 Tom Selleck.<br \/>\nMon corps, c\u2019est pas celui d\u2019un athl\u00e8te<br \/>\nMais chaque jour j\u2019apprends \u00e0 vivre<br \/>\nAvec.<\/p>\n<p>Je vais commencer par mes pieds<br \/>\nCar sans eux je n\u2019irais pas loin.<br \/>\nJ\u2019en ai juste deux, c\u2019est ben assez,<br \/>\nAussi j\u2019en prends bien soin.<br \/>\nAlors j\u2019\u00e9vite de trop marcher<br \/>\nEt les frotte jusqu\u2019\u00e0 ce qu\u2019ils brillent;<br \/>\nEt s\u2019ils ne savent pas danser,<br \/>\nIls savent au moins courir les filles.<br \/>\nJuste au-dessus, il y a mes jambes<br \/>\nQui ne valent pas vraiment le d\u00e9tour<br \/>\nCar on dirait deux grandes cannes blanches<br \/>\nEt mes genoux se font la cour.<\/p>\n<p>Je n\u2019suis pas beau comme dans les films<br \/>\nMais j\u2019envie rien \u00e0 Tom Selleck.<br \/>\nMon corps, c\u2019est pas celui d\u2019un athl\u00e8te<br \/>\nMais chaque jour j\u2019apprends \u00e0 vivre<br \/>\nAvec.<\/p>\n<p>Un peu plus haut, y a mon nombril<br \/>\nEt des gens, \u00e0 ce que l\u2019on m\u2019a dit,<br \/>\nCroient que je pense, quelle pr\u00e9tention!<br \/>\nQu\u2019il est bien le centre du monde.<br \/>\nPersonnellement, je l\u2019trouve joli;<br \/>\nMais c\u2019est la premi\u00e8re fois qu\u2019j\u2019en parle,<br \/>\nAlors, \u00e0 ces gens, je d\u00e9die<br \/>\nSans rancune: \u00ab La langue sale \u00bb.<br \/>\nEnsuite se dresse mon fier poitrail,<br \/>\nQu\u2019on pourrait y faire sa lessive,<br \/>\nEt, comme j\u2019passe ma vie dans les bars,<br \/>\nJ\u2019ai le teint h\u00e2l\u00e9 d\u2019une endive.<\/p>\n<p>Je n\u2019suis pas beau comme dans les vues,<br \/>\nComme Roy Dupuis qui montre son cul.<br \/>\nMon corps, c\u2019est pas celui d\u2019un athl\u00e8te<br \/>\nMais chaque jour j\u2019apprends \u00e0 vivre<br \/>\nAvec.<\/p>\n<p>Puis, tout en haut, il y a une t\u00eate<br \/>\nAvec une bouche toujours ouverte<br \/>\nQui se ferme sur un b\u00e9cot,<br \/>\nUne cigarette ou un gros mot.<br \/>\nEt comme j\u2019ai la barbe tr\u00e8s drue,<br \/>\nJ\u2019dois me raser toutes les trois semaines.<br \/>\nIl n\u2019est pas rare que sur la rue<br \/>\nLes gens me disent: mademoiselle.<br \/>\nMes cheveux, j\u2019aime mieux pas en parler;<br \/>\nL\u2019h\u00e9r\u00e9dit\u00e9, c\u2019pas toujours dr\u00f4le.<br \/>\n\u00c7a m\u2019apprendra d\u2019avoir souhait\u00e9<br \/>\nDe suivre les traces de Gilles Vigneault.<\/p>\n<p>Je n\u2019suis pas beau comme dans les films<br \/>\nMais j\u2019envie rien \u00e0 Tom Selleck.<br \/>\nMon corps, c\u2019est\u00a0 celui d\u2019un asc\u00e8te<br \/>\nMais chaque jour j\u2019apprends \u00e0 vivre<br \/>\nAvec.<\/p>\n<p>Et pour finir par le milieu:<br \/>\nBen oui, madame, j\u2019en ai deux!<br \/>\nEt c\u2019que j\u2019exhibe fi\u00e8rement<br \/>\nLorsque je chante \u00ab La Bite-au-vent \u00bb,<br \/>\nSi on prend le temps de l\u2019observer,<br \/>\nQu\u2019on l\u2019examine d\u2019un oeil critique,<br \/>\nOn constate que je n\u2019suis pas n\u00e9<br \/>\nEn Isra\u00ebl ou en Afrique.<\/p>\n<p>Mais moi, je lui trouve bonne mine<br \/>\nM\u00eame s\u2019il parfois il d\u00e9raille<br \/>\nLorsque avec ma petite copine<br \/>\nOn se chante \u00ab Retrouvailles \u00bb.<\/p>\n<p>Je n\u2019suis pas beau comme dans les films<br \/>\nMais Tom Selleck, j\u2019me torche avec!<br \/>\nMon corps, c\u2019est pas celui d\u2019un athl\u00e8te<br \/>\nMais chaque jour j\u2019apprends \u00e0 vivre<br \/>\nAvec.<\/p>\n<p>C\u2019est s\u00fbr, j\u2019ai rien de Roch Voisine<br \/>\nParc\u2019que lui pr\u00e9f\u00e8re les qu\u00e9quettes.<br \/>\nMa blonde est bien mieux qu\u2019Bo Derek<br \/>\nEt chaque jour j\u2019apprends \u00e0 &#8230;<br \/>\nAvec.<\/p>\n<p>Charlesbourg, septembre 1993<\/p>\n","protected":false},"excerpt":{"rendered":"<p>Il y a longtemps que j\u2019avais fait<br \/>\nUne p\u2019tite chanson \u00e0 quatre accords,<br \/>\nAlors voici deux, trois couplets<br \/>\nPour vous parler d\u2019mon corps.<br \/>\nC\u2019est le meilleur ami que j\u2019aie,<br \/>\nEt ce depuis vingt-trois ann\u00e9es.<br \/>\nIl m\u00e9rite bien ce p\u2019tit refrain<br \/>\nQue je vous chante, tenez-vous bien.<\/p>\n","protected":false},"author":1,"featured_media":0,"comment_status":"open","ping_status":"open","sticky":false,"template":"","format":"standard","meta":[],"categories":[14],"tags":[],"_links":{"self":[{"href":"https:\/\/www.sebgab.com\/index.php?rest_route=\/wp\/v2\/posts\/514"}],"collection":[{"href":"https:\/\/www.sebgab.com\/index.php?rest_route=\/wp\/v2\/posts"}],"about":[{"href":"https:\/\/www.sebgab.com\/index.php?rest_route=\/wp\/v2\/types\/post"}],"author":[{"embeddable":true,"href":"https:\/\/www.sebgab.com\/index.php?rest_route=\/wp\/v2\/users\/1"}],"replies":[{"embeddable":true,"href":"https:\/\/www.sebgab.com\/index.php?rest_route=%2Fwp%2Fv2%2Fcomments&post=514"}],"version-history":[{"count":2,"href":"https:\/\/www.sebgab.com\/index.php?rest_route=\/wp\/v2\/posts\/514\/revisions"}],"predecessor-version":[{"id":516,"href":"https:\/\/www.sebgab.com\/index.php?rest_route=\/wp\/v2\/posts\/514\/revisions\/516"}],"wp:attachment":[{"href":"https:\/\/www.sebgab.com\/index.php?rest_route=%2Fwp%2Fv2%2Fmedia&parent=514"}],"wp:term":[{"taxonomy":"category","embeddable":true,"href":"https:\/\/www.sebgab.com\/index.php?rest_route=%2Fwp%2Fv2%2Fcategories&post=514"},{"taxonomy":"post_tag","embeddable":true,"href":"https:\/\/www.sebgab.com\/index.php?rest_route=%2Fwp%2Fv2%2Ftags&post=514"}],"curies":[{"name":"wp","href":"https:\/\/api.w.org\/{rel}","templated":true}]}}